{"id":3659,"date":"2026-04-25T22:30:00","date_gmt":"2026-04-25T20:30:00","guid":{"rendered":"https:\/\/tgwesthofenroll.de\/?p=3659"},"modified":"2026-04-27T10:31:04","modified_gmt":"2026-04-27T08:31:04","slug":"20-velberter-schluessel-des-rsc-neviges","status":"publish","type":"post","link":"http:\/\/tgwesthofenroll.de\/?p=3659","title":{"rendered":"20. Velberter Schl\u00fcssel des RSC Neviges"},"content":{"rendered":"\n<p class=\"has-text-align-center\">Bereits eine Woche nach unserem Saisonstart ging es f\u00fcr f\u00fcr einen kleinen Teil unserer L\u00e4uferinnen zum 20. Velberter Schl\u00fcssel des RSC Neviges. Auch hier konnten wir dem Publikum und den Wertungsrichtern schon sehr ansprechende K\u00fcren pr\u00e4sentieren. Das Trainerteam ist sehr stolz auf alle ihre Aktiven!<\/p>\n\n\n<div class=\"wp-block-image\">\n<figure class=\"alignright size-full is-resized\"><img decoding=\"async\" loading=\"lazy\" src=\"https:\/\/tgwesthofenroll.de\/wp-content\/uploads\/2026\/04\/IMG_2687_.jpg\" alt=\"\" class=\"wp-image-3666\" width=\"219\" height=\"350\" srcset=\"http:\/\/tgwesthofenroll.de\/wp-content\/uploads\/2026\/04\/IMG_2687_.jpg 250w, http:\/\/tgwesthofenroll.de\/wp-content\/uploads\/2026\/04\/IMG_2687_-188x300.jpg 188w, http:\/\/tgwesthofenroll.de\/wp-content\/uploads\/2026\/04\/IMG_2687_-100x160.jpg 100w, http:\/\/tgwesthofenroll.de\/wp-content\/uploads\/2026\/04\/IMG_2687_-150x240.jpg 150w, http:\/\/tgwesthofenroll.de\/wp-content\/uploads\/2026\/04\/IMG_2687_-200x320.jpg 200w\" sizes=\"(max-width: 219px) 100vw, 219px\" \/><\/figure><\/div>\n\n\n<figure class=\"wp-block-table alignleft is-style-stripes\"><table><tbody><tr><td>Anf\u00e4nger 2<\/td><td>1. Platz<\/td><td>Anastasia Bender<\/td><\/tr><tr><td>Figurenl\u00e4ufer 3.1<\/td><td>4. Platz<\/td><td>Nell Smieja<\/td><\/tr><tr><td>Kunstl\u00e4ufer<\/td><td>5. Platz<\/td><td>Kristyna Jerabkova<\/td><\/tr><tr><td>Nachwuchs<\/td><td>3. Platz<\/td><td>Marieta Lopes Miranda<\/td><\/tr><\/tbody><\/table><\/figure>\n\n\n\n<div style=\"height:1px\" aria-hidden=\"true\" class=\"wp-block-spacer\"><\/div>\n","protected":false},"excerpt":{"rendered":"<p class=\"has-text-align-center\">Bereits eine Woche nach unserem Saisonstart ging es f\u00fcr f\u00fcr einen kleinen Teil unserer L\u00e4uferinnen zum 20. Velberter Schl\u00fcssel des RSC Neviges. Auch hier konnten wir dem Publikum und den Wertungsrichtern schon sehr ansprechende K\u00fcren pr\u00e4sentieren. Das Trainerteam ist sehr stolz auf alle ihre Aktiven!<\/p>\n<p><span class=\"ellipsis\">&hellip;<\/span><\/p>\n<div class=\"read-more\"><a href=\"http:\/\/tgwesthofenroll.de\/?p=3659\">Weiterlesen &#8250;<\/a><\/div>\n<p><!-- end of .read-more --><\/p>\n","protected":false},"author":2,"featured_media":0,"comment_status":"closed","ping_status":"closed","sticky":false,"template":"","format":"standard","meta":[],"categories":[5,12],"tags":[],"_links":{"self":[{"href":"http:\/\/tgwesthofenroll.de\/index.php?rest_route=\/wp\/v2\/posts\/3659"}],"collection":[{"href":"http:\/\/tgwesthofenroll.de\/index.php?rest_route=\/wp\/v2\/posts"}],"about":[{"href":"http:\/\/tgwesthofenroll.de\/index.php?rest_route=\/wp\/v2\/types\/post"}],"author":[{"embeddable":true,"href":"http:\/\/tgwesthofenroll.de\/index.php?rest_route=\/wp\/v2\/users\/2"}],"replies":[{"embeddable":true,"href":"http:\/\/tgwesthofenroll.de\/index.php?rest_route=%2Fwp%2Fv2%2Fcomments&post=3659"}],"version-history":[{"count":6,"href":"http:\/\/tgwesthofenroll.de\/index.php?rest_route=\/wp\/v2\/posts\/3659\/revisions"}],"predecessor-version":[{"id":3671,"href":"http:\/\/tgwesthofenroll.de\/index.php?rest_route=\/wp\/v2\/posts\/3659\/revisions\/3671"}],"wp:attachment":[{"href":"http:\/\/tgwesthofenroll.de\/index.php?rest_route=%2Fwp%2Fv2%2Fmedia&parent=3659"}],"wp:term":[{"taxonomy":"category","embeddable":true,"href":"http:\/\/tgwesthofenroll.de\/index.php?rest_route=%2Fwp%2Fv2%2Fcategories&post=3659"},{"taxonomy":"post_tag","embeddable":true,"href":"http:\/\/tgwesthofenroll.de\/index.php?rest_route=%2Fwp%2Fv2%2Ftags&post=3659"}],"curies":[{"name":"wp","href":"https:\/\/api.w.org\/{rel}","templated":true}]}}