{"id":3529,"date":"2025-10-18T11:30:33","date_gmt":"2025-10-18T09:30:33","guid":{"rendered":"https:\/\/tgwesthofenroll.de\/?p=3529"},"modified":"2025-10-23T11:48:35","modified_gmt":"2025-10-23T09:48:35","slug":"deutscher-breitensportpokal-2025","status":"publish","type":"post","link":"http:\/\/tgwesthofenroll.de\/?p=3529","title":{"rendered":"Deutscher Breitensportpokal 2025"},"content":{"rendered":"<div class=\"wp-block-image is-style-rounded\">\n<figure class=\"alignright size-full is-resized\"><img decoding=\"async\" loading=\"lazy\" src=\"https:\/\/tgwesthofenroll.de\/wp-content\/uploads\/2025\/10\/IMG_1606_.jpg\" alt=\"\" class=\"wp-image-3530\" width=\"240\" height=\"400\" srcset=\"http:\/\/tgwesthofenroll.de\/wp-content\/uploads\/2025\/10\/IMG_1606_.jpg 359w, http:\/\/tgwesthofenroll.de\/wp-content\/uploads\/2025\/10\/IMG_1606_-180x300.jpg 180w, http:\/\/tgwesthofenroll.de\/wp-content\/uploads\/2025\/10\/IMG_1606_-100x167.jpg 100w, http:\/\/tgwesthofenroll.de\/wp-content\/uploads\/2025\/10\/IMG_1606_-150x251.jpg 150w, http:\/\/tgwesthofenroll.de\/wp-content\/uploads\/2025\/10\/IMG_1606_-200x334.jpg 200w, http:\/\/tgwesthofenroll.de\/wp-content\/uploads\/2025\/10\/IMG_1606_-300x501.jpg 300w\" sizes=\"(max-width: 240px) 100vw, 240px\" \/><\/figure><\/div>\n\n\n<p>Ganz stolz sind wir auf unsere erst 7j\u00e4hrige L\u00e4uferin Alisa, die vom Landesverband NRW in die L\u00e4ufer*Innenauswahl f\u00fcr den Deutschen Breitensportpokal, der inoffiziellen Deutschen Meisterschaft f\u00fcr Breitensport, in Freiburg berufen wurde.<\/p>\n\n\n\n<p>Erstmalig au\u00dferhalb von NRW und dann gleich f\u00fcr Nordrhein-Westfalen ging Alisa im Breisgau in der j\u00fcngsten Freil\u00e4ufergruppe an den Start. Sie belegte dort den 10. Platz.<\/p>\n\n\n\n<p>Nat\u00fcrlich war die Aufregung gro\u00df, ohne die Unterst\u00fctzung der Vereinskameradinnen vor Ort, die K\u00fcr den Wertungsrichtern und dem in der Halle anwesenden Publikum zu pr\u00e4sentieren. Der gesamte Wettbewerb wurde aber im Internet auf sporteurope.tv live \u00fcbertragen, so dass die Freundinnen und Vereinskameradinnen doch aus der Ferne zuschauen konnten. <\/p>\n\n\n\n<p>Auch unsere begleitende Trainerin Tanja war mit der Leistung ihres Sch\u00fctzlings in der Schauenberghalle der Freiburger Turnerschaft von 1844 sehr zufrieden.<\/p>\n","protected":false},"excerpt":{"rendered":"<div class=\"wp-block-image is-style-rounded\">\n<img decoding=\"async\" loading=\"lazy\" src=\"https:\/\/tgwesthofenroll.de\/wp-content\/uploads\/2025\/10\/IMG_1606_.jpg\" alt=\"\" class=\"wp-image-3530\" width=\"240\" height=\"400\" srcset=\"http:\/\/tgwesthofenroll.de\/wp-content\/uploads\/2025\/10\/IMG_1606_.jpg 359w, http:\/\/tgwesthofenroll.de\/wp-content\/uploads\/2025\/10\/IMG_1606_-180x300.jpg 180w, http:\/\/tgwesthofenroll.de\/wp-content\/uploads\/2025\/10\/IMG_1606_-100x167.jpg 100w, http:\/\/tgwesthofenroll.de\/wp-content\/uploads\/2025\/10\/IMG_1606_-150x251.jpg 150w, http:\/\/tgwesthofenroll.de\/wp-content\/uploads\/2025\/10\/IMG_1606_-200x334.jpg 200w, http:\/\/tgwesthofenroll.de\/wp-content\/uploads\/2025\/10\/IMG_1606_-300x501.jpg 300w\" sizes=\"(max-width: 240px) 100vw, 240px\" \/><\/div>\n<p>Ganz stolz sind wir auf unsere erst 7j\u00e4hrige L\u00e4uferin Alisa, die vom Landesverband NRW in die L\u00e4ufer*Innenauswahl f\u00fcr den Deutschen Breitensportpokal, der inoffiziellen Deutschen Meisterschaft f\u00fcr Breitensport, in Freiburg berufen wurde.<\/p>\n<p>Erstmalig au\u00dferhalb von NRW und dann gleich f\u00fcr Nordrhein-Westfalen ging Alisa im Breisgau in der j\u00fcngsten Freil\u00e4ufergruppe an den Start.<\/p>\n<p><span class=\"ellipsis\">&hellip;<\/span><\/p>\n<div class=\"read-more\"><a href=\"http:\/\/tgwesthofenroll.de\/?p=3529\">Weiterlesen &#8250;<\/a><\/div>\n<p><!-- end of .read-more --><\/p>\n","protected":false},"author":2,"featured_media":0,"comment_status":"closed","ping_status":"closed","sticky":false,"template":"","format":"standard","meta":[],"categories":[5,12],"tags":[],"_links":{"self":[{"href":"http:\/\/tgwesthofenroll.de\/index.php?rest_route=\/wp\/v2\/posts\/3529"}],"collection":[{"href":"http:\/\/tgwesthofenroll.de\/index.php?rest_route=\/wp\/v2\/posts"}],"about":[{"href":"http:\/\/tgwesthofenroll.de\/index.php?rest_route=\/wp\/v2\/types\/post"}],"author":[{"embeddable":true,"href":"http:\/\/tgwesthofenroll.de\/index.php?rest_route=\/wp\/v2\/users\/2"}],"replies":[{"embeddable":true,"href":"http:\/\/tgwesthofenroll.de\/index.php?rest_route=%2Fwp%2Fv2%2Fcomments&post=3529"}],"version-history":[{"count":14,"href":"http:\/\/tgwesthofenroll.de\/index.php?rest_route=\/wp\/v2\/posts\/3529\/revisions"}],"predecessor-version":[{"id":3545,"href":"http:\/\/tgwesthofenroll.de\/index.php?rest_route=\/wp\/v2\/posts\/3529\/revisions\/3545"}],"wp:attachment":[{"href":"http:\/\/tgwesthofenroll.de\/index.php?rest_route=%2Fwp%2Fv2%2Fmedia&parent=3529"}],"wp:term":[{"taxonomy":"category","embeddable":true,"href":"http:\/\/tgwesthofenroll.de\/index.php?rest_route=%2Fwp%2Fv2%2Fcategories&post=3529"},{"taxonomy":"post_tag","embeddable":true,"href":"http:\/\/tgwesthofenroll.de\/index.php?rest_route=%2Fwp%2Fv2%2Ftags&post=3529"}],"curies":[{"name":"wp","href":"https:\/\/api.w.org\/{rel}","templated":true}]}}